{"id":38,"date":"2015-03-19T17:41:19","date_gmt":"2015-03-19T17:41:19","guid":{"rendered":"http:\/\/jeandanyjoachim.com\/?p=38"},"modified":"2015-03-19T18:02:36","modified_gmt":"2015-03-19T18:02:36","slug":"avec-des-mots-poesie-french-edition","status":"publish","type":"post","link":"http:\/\/jeandanyjoachim.com\/?p=38","title":{"rendered":"Avec Des Mots: Po\u00e9sie (French Edition)"},"content":{"rendered":"<p>\u201cAvec des mots\u201d, que je vous propose dans les pages qui suivent, est arriv\u00e9 juste par pur accident. Je suis invit\u00e9 \u00e0 prendre part quelque part au sujet du m\u00e9tier de la po\u00e9sie et on me r\u00e9clame un livre. Alors voici le r\u00e9sultat qui en est sorti apr\u00e8s que j\u2019aies fouill\u00e9 dans mes corres-pondances avec des amis, la famille et d\u2019autres pour en r\u00e9cup\u00e9rer mes po\u00e8mes. Je n\u2019ai jamais pens\u00e9 \u00e0 mettre ma relation avec l\u2019\u00e9criture dans un livre. Je pr\u00e9f\u00e8re les mots en libert\u00e9 mais, h\u00e9las, je n\u2019ai plus de choix puisqu\u2019on me r\u00e9clame un livre. Les mots sont toujours avec moi. Ceux que j\u2019\u00e9cris aussi bien que ceux que je n\u2019ai pas \u00e9crits ou n\u2019\u00e9crirai jamais. Pourtant je n\u2019ai jamais voulu les enca- ger dans un livre qui porte mon nom. Aucun des po\u00e8mes qui suivent n\u2019a \u00e9t\u00e9 \u00e9crit pour ce recueil. Ils \u00e9taient \u00e7a et l\u00e0, faisant comme bon leur semble, ou ont \u00e9t\u00e9 offerts \u00e0 des amiti\u00e9s. Et les voici aujourd\u2019hui en vos mains, empaquet\u00e9s \u00e0 la h\u00e2te pour le compte d\u2019un livre. Veuillez, s\u2019il-vous-pla\u00eet, \u00eatre aimable \u00e0 leur \u00e9gard car ils n\u2019en ont vraiment pas l\u2019habitude. C\u2019est l\u00e0 une exp\u00e9rience toute nouvelle pour eux que d\u2019\u00eatre emmur\u00e9s. Un autre petit d\u00e9tail qui serait peut-\u00eatre important que vous sachiez \u00e0 propos d\u2019eux, c\u2019est qu\u2019ils sont tous habitu\u00e9s \u00e0 \u00eatre lus \u00e0 haute voix, en plein air, dans la foule, et \u00e0 l\u2019occasion en intimit\u00e9. Certes, j\u2019en suis \u00e0 mon tout premier essai et j\u2019\u00e9crirai certainement d\u2019autres po\u00e8mes pour continuer l\u2019exp\u00e9rience. En attendant, j\u2019ose esp\u00e9rer que ceux-ci que vous tenez entre vos mains seront en bonne compagnie.<\/p>\n<p><a href=\"http:\/\/www.amazon.com\/Avec-Mots-Jean-Dany-Joachim\/dp\/1499792123\/ref=sr_1_2?ie=UTF8&amp;qid=1426788135&amp;sr=8-2&amp;keywords=Jean+Dany+Joachim\" target=\"_blank\">Achetez ce livre<\/a><\/p>\n","protected":false},"excerpt":{"rendered":"<p>\u201cAvec des mots\u201d, que je vous propose dans les pages qui suivent, est arriv\u00e9 juste par pur accident. Je suis invit\u00e9 \u00e0 prendre part quelque part au sujet du m\u00e9tier de la po\u00e9sie et on me r\u00e9clame un livre. Alors voici le r\u00e9sultat qui en est sorti apr\u00e8s que j\u2019aies fouill\u00e9 dans mes corres-pondances avec [&hellip;]<\/p>\n","protected":false},"author":1,"featured_media":43,"comment_status":"open","ping_status":"open","sticky":false,"template":"","format":"standard","meta":[],"categories":[2],"tags":[],"_links":{"self":[{"href":"http:\/\/jeandanyjoachim.com\/index.php?rest_route=\/wp\/v2\/posts\/38"}],"collection":[{"href":"http:\/\/jeandanyjoachim.com\/index.php?rest_route=\/wp\/v2\/posts"}],"about":[{"href":"http:\/\/jeandanyjoachim.com\/index.php?rest_route=\/wp\/v2\/types\/post"}],"author":[{"embeddable":true,"href":"http:\/\/jeandanyjoachim.com\/index.php?rest_route=\/wp\/v2\/users\/1"}],"replies":[{"embeddable":true,"href":"http:\/\/jeandanyjoachim.com\/index.php?rest_route=%2Fwp%2Fv2%2Fcomments&post=38"}],"version-history":[{"count":6,"href":"http:\/\/jeandanyjoachim.com\/index.php?rest_route=\/wp\/v2\/posts\/38\/revisions"}],"predecessor-version":[{"id":51,"href":"http:\/\/jeandanyjoachim.com\/index.php?rest_route=\/wp\/v2\/posts\/38\/revisions\/51"}],"wp:featuredmedia":[{"embeddable":true,"href":"http:\/\/jeandanyjoachim.com\/index.php?rest_route=\/wp\/v2\/media\/43"}],"wp:attachment":[{"href":"http:\/\/jeandanyjoachim.com\/index.php?rest_route=%2Fwp%2Fv2%2Fmedia&parent=38"}],"wp:term":[{"taxonomy":"category","embeddable":true,"href":"http:\/\/jeandanyjoachim.com\/index.php?rest_route=%2Fwp%2Fv2%2Fcategories&post=38"},{"taxonomy":"post_tag","embeddable":true,"href":"http:\/\/jeandanyjoachim.com\/index.php?rest_route=%2Fwp%2Fv2%2Ftags&post=38"}],"curies":[{"name":"wp","href":"https:\/\/api.w.org\/{rel}","templated":true}]}}